{"id":1080,"date":"2018-04-27T18:40:10","date_gmt":"2018-04-27T18:40:10","guid":{"rendered":"http:\/\/fundidoradealcantarilladomontedesion.com\/blog\/?p=1080"},"modified":"2018-04-27T18:40:10","modified_gmt":"2018-04-27T18:40:10","slug":"coladeras-fierro-fundido-la-ciudad-mexico-accidente-candidato-priista","status":"publish","type":"post","link":"http:\/\/fundidoradealcantarilladomontedesion.com\/blog\/coladeras-fierro-fundido-la-ciudad-mexico-accidente-candidato-priista\/","title":{"rendered":"Coladeras de fierro fundido en la Ciudad de M\u00e9xico | Accidente de candidato priista"},"content":{"rendered":"<div id=\"ez-toc-container\" class=\"ez-toc-v2_0_65 counter-hierarchy ez-toc-counter ez-toc-grey ez-toc-container-direction\">\n<div class=\"ez-toc-title-container\">\n<p class=\"ez-toc-title \" >Tabla de contenidos<\/p>\n<span class=\"ez-toc-title-toggle\"><a href=\"#\" class=\"ez-toc-pull-right ez-toc-btn ez-toc-btn-xs ez-toc-btn-default ez-toc-toggle\" aria-label=\"Toggle Table of Content\"><span class=\"ez-toc-js-icon-con\"><span class=\"\"><span class=\"eztoc-hide\" style=\"display:none;\">Toggle<\/span><span class=\"ez-toc-icon-toggle-span\"><svg style=\"fill: #999;color:#999\" xmlns=\"http:\/\/www.w3.org\/2000\/svg\" class=\"list-377408\" width=\"20px\" height=\"20px\" viewBox=\"0 0 24 24\" fill=\"none\"><path d=\"M6 6H4v2h2V6zm14 0H8v2h12V6zM4 11h2v2H4v-2zm16 0H8v2h12v-2zM4 16h2v2H4v-2zm16 0H8v2h12v-2z\" fill=\"currentColor\"><\/path><\/svg><svg style=\"fill: #999;color:#999\" class=\"arrow-unsorted-368013\" xmlns=\"http:\/\/www.w3.org\/2000\/svg\" width=\"10px\" height=\"10px\" viewBox=\"0 0 24 24\" version=\"1.2\" baseProfile=\"tiny\"><path d=\"M18.2 9.3l-6.2-6.3-6.2 6.3c-.2.2-.3.4-.3.7s.1.5.3.7c.2.2.4.3.7.3h11c.3 0 .5-.1.7-.3.2-.2.3-.5.3-.7s-.1-.5-.3-.7zM5.8 14.7l6.2 6.3 6.2-6.3c.2-.2.3-.5.3-.7s-.1-.5-.3-.7c-.2-.2-.4-.3-.7-.3h-11c-.3 0-.5.1-.7.3-.2.2-.3.5-.3.7s.1.5.3.7z\"\/><\/svg><\/span><\/span><\/span><\/a><\/span><\/div>\n<nav><ul class='ez-toc-list ez-toc-list-level-1 ' ><li class='ez-toc-page-1 ez-toc-heading-level-1'><a class=\"ez-toc-link ez-toc-heading-1\" href=\"http:\/\/fundidoradealcantarilladomontedesion.com\/blog\/coladeras-fierro-fundido-la-ciudad-mexico-accidente-candidato-priista\/#Coladeras_de_fierro_fundido_en_Ciudad_de_Mexico\" title=\"Coladeras de fierro fundido en Ciudad de M\u00e9xico\">Coladeras de fierro fundido en Ciudad de M\u00e9xico<\/a><ul class='ez-toc-list-level-2' ><li class='ez-toc-heading-level-2'><a class=\"ez-toc-link ez-toc-heading-2\" href=\"http:\/\/fundidoradealcantarilladomontedesion.com\/blog\/coladeras-fierro-fundido-la-ciudad-mexico-accidente-candidato-priista\/#Coladeras_de_fierro_fundido_en_Ciudad_de_Mexico_Fundidora_Monte_de_Sion\" title=\"Coladeras de fierro fundido en Ciudad de M\u00e9xico\u00a0Fundidora Monte de Si\u00f3n\">Coladeras de fierro fundido en Ciudad de M\u00e9xico\u00a0Fundidora Monte de Si\u00f3n<\/a><\/li><\/ul><\/li><\/ul><\/nav><\/div>\n<h1><span class=\"ez-toc-section\" id=\"Coladeras_de_fierro_fundido_en_Ciudad_de_Mexico\"><\/span><a href=\"http:\/\/fundidoradealcantarilladomontedesion.com\/coladeras-de-fierro-fundido.html\">Coladeras de fierro fundido en Ciudad de M\u00e9xico<\/a><span class=\"ez-toc-section-end\"><\/span><\/h1>\n<p>El pasado 24 de abril, el candidato Mikel Arriola candidato a gobernar la CDMX, sufri\u00f3 un accidente penoso al ser evidenciado en un video al caer en una <a href=\"http:\/\/fundidoradealcantarilladomontedesion.com\/coladeras-de-fierro-fundido.html\">coladera de fierro fundido en la Ciudad de M\u00e9xico<\/a>.<\/p>\n<p>Denise Maerker, conductora y periodista, quien fue moderadora del primer debate presidencial del domingo pasado, transmti\u00f3 en su\u00a0 programa &#8216;En Punto&#8217; un video en el que se ve al exdirector general del Instituto Mexicano del Seguro Social (IMSS) caer por una <a href=\"http:\/\/fundidoradealcantarilladomontedesion.com\/coladeras-de-fierro-fundido.html\">coladera de fierro fundido en la Ciudad de M\u00e9xico<\/a>\u00a0en mal estado ubicada en la colonia Doctores de la Ciudad de M\u00e9xico.<\/p>\n<p>La conductora Denise se\u00f1ala que &#8216;varios vecinos se hab\u00edan ca\u00eddo por accidente&#8217; y que Arriola pretend\u00eda &#8216;verificar&#8217; la situaci\u00f3n, cuando al dar un &#8216;mal paso&#8217; cay\u00f3 en la\u00a0<a href=\"http:\/\/fundidoradealcantarilladomontedesion.com\/coladeras-de-fierro-fundido.html\">coladera de fierro fundido en la Ciudad de M\u00e9xico<\/a>.<\/p>\n<p>Por su parte el candidato priista comparti\u00f3 un tuit en el que muestra la <a href=\"http:\/\/fundidoradealcantarilladomontedesion.com\/coladeras-de-fierro-fundido.html\">coladera de fierro fundido en la Ciudad de M\u00e9xico<\/a>. en la que sufri\u00f3 el accidente y se\u00f1ala que &#8216;las coladeras mal puestas son un riesgo para todos los capitalinos&#8217;.<\/p>\n<hr \/>\n<h2><span class=\"ez-toc-section\" id=\"Coladeras_de_fierro_fundido_en_Ciudad_de_Mexico_Fundidora_Monte_de_Sion\"><\/span><a href=\"http:\/\/fundidoradealcantarilladomontedesion.com\/coladeras-de-fierro-fundido.html\">Coladeras de fierro fundido en Ciudad de M\u00e9xico<\/a>\u00a0<a href=\"http:\/\/fundidoradealcantarilladomontedesion.com\/index.html\">Fundidora Monte de Si\u00f3n<\/a><span class=\"ez-toc-section-end\"><\/span><\/h2>\n<p id=\"u2992-4\"><span id=\"u2992-3\">Somos una empresa dedicada 100% al suministro de piezas especiales de fierro fundido, acero, PVC y piezas de fabricaci\u00f3n especial.<\/span><\/p>\n<p>En fundici\u00f3n contamos con un departamento de modelos, el cual se encarga de dise\u00f1ar, modificar y fabricar los modelos seg\u00fan las piezas requeridas por nuestros clientes.<\/p>\n<div id=\"attachment_691\" style=\"width: 970px\" class=\"wp-caption alignnone\"><img loading=\"lazy\" decoding=\"async\" aria-describedby=\"caption-attachment-691\" class=\"wp-image-691 size-full\" title=\"Coladeras de fierro fundido en Ciudad de M\u00e9xico\" src=\"http:\/\/fundidoradealcantarilladomontedesion.com\/blog\/wp-content\/uploads\/2017\/01\/20401132_10155647973044445_20818330_n.jpg\" alt=\"Coladera para ba\u00f1o\" width=\"960\" height=\"720\" srcset=\"http:\/\/fundidoradealcantarilladomontedesion.com\/blog\/wp-content\/uploads\/2017\/01\/20401132_10155647973044445_20818330_n.jpg 960w, http:\/\/fundidoradealcantarilladomontedesion.com\/blog\/wp-content\/uploads\/2017\/01\/20401132_10155647973044445_20818330_n-300x225.jpg 300w, http:\/\/fundidoradealcantarilladomontedesion.com\/blog\/wp-content\/uploads\/2017\/01\/20401132_10155647973044445_20818330_n-768x576.jpg 768w\" sizes=\"(max-width: 960px) 100vw, 960px\" \/><p id=\"caption-attachment-691\" class=\"wp-caption-text\">Coladera para ba\u00f1o<\/p><\/div>\n<div id=\"attachment_692\" style=\"width: 970px\" class=\"wp-caption alignnone\"><img loading=\"lazy\" decoding=\"async\" aria-describedby=\"caption-attachment-692\" class=\"wp-image-692 size-full\" title=\"Coladeras de fierro fundido en Ciudad de M\u00e9xico\" src=\"http:\/\/fundidoradealcantarilladomontedesion.com\/blog\/wp-content\/uploads\/2017\/01\/20401251_10155648020439445_1781137657_n.jpg\" alt=\"Coladera para pasillo\" width=\"960\" height=\"720\" srcset=\"http:\/\/fundidoradealcantarilladomontedesion.com\/blog\/wp-content\/uploads\/2017\/01\/20401251_10155648020439445_1781137657_n.jpg 960w, http:\/\/fundidoradealcantarilladomontedesion.com\/blog\/wp-content\/uploads\/2017\/01\/20401251_10155648020439445_1781137657_n-300x225.jpg 300w, http:\/\/fundidoradealcantarilladomontedesion.com\/blog\/wp-content\/uploads\/2017\/01\/20401251_10155648020439445_1781137657_n-768x576.jpg 768w\" sizes=\"(max-width: 960px) 100vw, 960px\" \/><p id=\"caption-attachment-692\" class=\"wp-caption-text\">Coladera para pasillo<\/p><\/div>\n<div id=\"attachment_695\" style=\"width: 970px\" class=\"wp-caption alignnone\"><img loading=\"lazy\" decoding=\"async\" aria-describedby=\"caption-attachment-695\" class=\"wp-image-695 size-full\" title=\"Coladeras de fierro fundido en Ciudad de M\u00e9xico\" src=\"http:\/\/fundidoradealcantarilladomontedesion.com\/blog\/wp-content\/uploads\/2017\/07\/20401284_10155648050449445_1420409730_n.jpg\" alt=\"Coladeras de Fierro Fundido\" width=\"960\" height=\"720\" srcset=\"http:\/\/fundidoradealcantarilladomontedesion.com\/blog\/wp-content\/uploads\/2017\/07\/20401284_10155648050449445_1420409730_n.jpg 960w, http:\/\/fundidoradealcantarilladomontedesion.com\/blog\/wp-content\/uploads\/2017\/07\/20401284_10155648050449445_1420409730_n-300x225.jpg 300w, http:\/\/fundidoradealcantarilladomontedesion.com\/blog\/wp-content\/uploads\/2017\/07\/20401284_10155648050449445_1420409730_n-768x576.jpg 768w\" sizes=\"(max-width: 960px) 100vw, 960px\" \/><p id=\"caption-attachment-695\" class=\"wp-caption-text\">Brocales de fierro fundido en Zacatecas<\/p><\/div>\n<div id=\"attachment_707\" style=\"width: 484px\" class=\"wp-caption alignnone\"><img loading=\"lazy\" decoding=\"async\" aria-describedby=\"caption-attachment-707\" class=\"wp-image-707 size-large\" title=\"Coladeras de fierro fundido en Ciudad de M\u00e9xico\" src=\"http:\/\/fundidoradealcantarilladomontedesion.com\/blog\/wp-content\/uploads\/2017\/07\/19911476_10155655116429445_1426694733_o-1024x683.jpg\" alt=\"Rejillas de fierro fundido\" width=\"474\" height=\"316\" srcset=\"http:\/\/fundidoradealcantarilladomontedesion.com\/blog\/wp-content\/uploads\/2017\/07\/19911476_10155655116429445_1426694733_o-1024x683.jpg 1024w, http:\/\/fundidoradealcantarilladomontedesion.com\/blog\/wp-content\/uploads\/2017\/07\/19911476_10155655116429445_1426694733_o-300x200.jpg 300w, http:\/\/fundidoradealcantarilladomontedesion.com\/blog\/wp-content\/uploads\/2017\/07\/19911476_10155655116429445_1426694733_o-768x512.jpg 768w, http:\/\/fundidoradealcantarilladomontedesion.com\/blog\/wp-content\/uploads\/2017\/07\/19911476_10155655116429445_1426694733_o.jpg 2048w\" sizes=\"(max-width: 474px) 100vw, 474px\" \/><p id=\"caption-attachment-707\" class=\"wp-caption-text\">Rejillas de fierro fundido<\/p><\/div>\n<div id=\"attachment_903\" style=\"width: 484px\" class=\"wp-caption alignnone\"><img loading=\"lazy\" decoding=\"async\" aria-describedby=\"caption-attachment-903\" class=\"wp-image-903 size-large\" title=\"Coladeras de fierro fundido en Ciudad de M\u00e9xico\" src=\"http:\/\/fundidoradealcantarilladomontedesion.com\/blog\/wp-content\/uploads\/2017\/10\/rejillas-1024x791.jpg\" alt=\"rejillas de fierro fuundido\" width=\"474\" height=\"366\" srcset=\"http:\/\/fundidoradealcantarilladomontedesion.com\/blog\/wp-content\/uploads\/2017\/10\/rejillas-1024x791.jpg 1024w, http:\/\/fundidoradealcantarilladomontedesion.com\/blog\/wp-content\/uploads\/2017\/10\/rejillas-300x232.jpg 300w, http:\/\/fundidoradealcantarilladomontedesion.com\/blog\/wp-content\/uploads\/2017\/10\/rejillas-768x593.jpg 768w\" sizes=\"(max-width: 474px) 100vw, 474px\" \/><p id=\"caption-attachment-903\" class=\"wp-caption-text\">rejillas de fierro fuundido<\/p><\/div>\n<div id=\"attachment_907\" style=\"width: 484px\" class=\"wp-caption alignnone\"><img loading=\"lazy\" decoding=\"async\" aria-describedby=\"caption-attachment-907\" class=\"wp-image-907 size-large\" title=\"Coladeras de fierro fundido en Ciudad de M\u00e9xico\" src=\"http:\/\/fundidoradealcantarilladomontedesion.com\/blog\/wp-content\/uploads\/2017\/10\/brocalANUNCIO-1024x682.jpg\" alt=\"Brocales de fierro fundido en Zacatecas\" width=\"474\" height=\"316\" srcset=\"http:\/\/fundidoradealcantarilladomontedesion.com\/blog\/wp-content\/uploads\/2017\/10\/brocalANUNCIO-1024x682.jpg 1024w, http:\/\/fundidoradealcantarilladomontedesion.com\/blog\/wp-content\/uploads\/2017\/10\/brocalANUNCIO-300x200.jpg 300w, http:\/\/fundidoradealcantarilladomontedesion.com\/blog\/wp-content\/uploads\/2017\/10\/brocalANUNCIO-768x512.jpg 768w, http:\/\/fundidoradealcantarilladomontedesion.com\/blog\/wp-content\/uploads\/2017\/10\/brocalANUNCIO.jpg 1280w\" sizes=\"(max-width: 474px) 100vw, 474px\" \/><p id=\"caption-attachment-907\" class=\"wp-caption-text\">Brocales de fierro fundido en el estado de M\u00e9xico<\/p><\/div>\n<p><img loading=\"lazy\" decoding=\"async\" class=\"alignnone wp-image-1058 size-large\" title=\"Coladeras de fierro fundido en Ciudad de M\u00e9xico\" src=\"http:\/\/fundidoradealcantarilladomontedesion.com\/blog\/wp-content\/uploads\/2018\/03\/anuncio_valvulas-1024x791.jpg\" alt=\"\" width=\"474\" height=\"366\" srcset=\"http:\/\/fundidoradealcantarilladomontedesion.com\/blog\/wp-content\/uploads\/2018\/03\/anuncio_valvulas-1024x791.jpg 1024w, http:\/\/fundidoradealcantarilladomontedesion.com\/blog\/wp-content\/uploads\/2018\/03\/anuncio_valvulas-300x232.jpg 300w, http:\/\/fundidoradealcantarilladomontedesion.com\/blog\/wp-content\/uploads\/2018\/03\/anuncio_valvulas-768x593.jpg 768w\" sizes=\"(max-width: 474px) 100vw, 474px\" \/> <img loading=\"lazy\" decoding=\"async\" class=\"alignnone wp-image-1018 size-large\" title=\"Coladeras de fierro fundido en Ciudad de M\u00e9xico\" src=\"http:\/\/fundidoradealcantarilladomontedesion.com\/blog\/wp-content\/uploads\/2018\/01\/brocalANUNCIO-1024x682.jpg\" alt=\"\" width=\"474\" height=\"316\" srcset=\"http:\/\/fundidoradealcantarilladomontedesion.com\/blog\/wp-content\/uploads\/2018\/01\/brocalANUNCIO-1024x682.jpg 1024w, http:\/\/fundidoradealcantarilladomontedesion.com\/blog\/wp-content\/uploads\/2018\/01\/brocalANUNCIO-300x200.jpg 300w, http:\/\/fundidoradealcantarilladomontedesion.com\/blog\/wp-content\/uploads\/2018\/01\/brocalANUNCIO-768x512.jpg 768w, http:\/\/fundidoradealcantarilladomontedesion.com\/blog\/wp-content\/uploads\/2018\/01\/brocalANUNCIO.jpg 1280w\" sizes=\"(max-width: 474px) 100vw, 474px\" \/><\/p>\n","protected":false},"excerpt":{"rendered":"<p>Coladeras de fierro fundido en Ciudad de M\u00e9xico El pasado 24 de abril, el candidato Mikel Arriola candidato a gobernar la CDMX, sufri\u00f3 un accidente penoso al ser evidenciado en un video al caer en una coladera de fierro fundido en la Ciudad de M\u00e9xico. Denise Maerker, conductora y periodista, quien fue moderadora del primer [&hellip;]<\/p>\n","protected":false},"author":1,"featured_media":691,"comment_status":"open","ping_status":"open","sticky":false,"template":"","format":"standard","meta":{"footnotes":""},"categories":[1],"tags":[195,5,150,6,91,166,22],"yoast_head":"<!-- This site is optimized with the Yoast SEO plugin v22.5 - https:\/\/yoast.com\/wordpress\/plugins\/seo\/ -->\n<title>Coladeras de fierro fundido en la Ciudad de M\u00e9xico | Accidente de candidato priista | Fundidora Monte de Si\u00f3n<\/title>\n<meta name=\"robots\" content=\"index, follow, max-snippet:-1, max-image-preview:large, max-video-preview:-1\" \/>\n<link rel=\"canonical\" href=\"https:\/\/fundidoradealcantarilladomontedesion.com\/blog\/coladeras-fierro-fundido-la-ciudad-mexico-accidente-candidato-priista\/\" \/>\n<meta property=\"og:locale\" content=\"es_ES\" \/>\n<meta property=\"og:type\" content=\"article\" \/>\n<meta property=\"og:title\" content=\"Coladeras de fierro fundido en la Ciudad de M\u00e9xico | Accidente de candidato priista | Fundidora Monte de Si\u00f3n\" \/>\n<meta property=\"og:description\" content=\"Coladeras de fierro fundido en Ciudad de M\u00e9xico El pasado 24 de abril, el candidato Mikel Arriola candidato a gobernar la CDMX, sufri\u00f3 un accidente penoso al ser evidenciado en un video al caer en una coladera de fierro fundido en la Ciudad de M\u00e9xico. Denise Maerker, conductora y periodista, quien fue moderadora del primer [&hellip;]\" \/>\n<meta property=\"og:url\" content=\"https:\/\/fundidoradealcantarilladomontedesion.com\/blog\/coladeras-fierro-fundido-la-ciudad-mexico-accidente-candidato-priista\/\" \/>\n<meta property=\"og:site_name\" content=\"Fundidora Monte de Si\u00f3n\" \/>\n<meta property=\"article:publisher\" content=\"https:\/\/www.facebook.com\/fundidioramontedesion\/\" \/>\n<meta property=\"article:published_time\" content=\"2018-04-27T18:40:10+00:00\" \/>\n<meta property=\"og:image\" content=\"https:\/\/fundidoradealcantarilladomontedesion.com\/blog\/wp-content\/uploads\/2017\/01\/20401132_10155647973044445_20818330_n.jpg\" \/>\n\t<meta property=\"og:image:width\" content=\"960\" \/>\n\t<meta property=\"og:image:height\" content=\"720\" \/>\n\t<meta property=\"og:image:type\" content=\"image\/jpeg\" \/>\n<meta name=\"author\" content=\"Monte de Sion\" \/>\n<meta name=\"twitter:card\" content=\"summary_large_image\" \/>\n<meta name=\"twitter:label1\" content=\"Escrito por\" \/>\n\t<meta name=\"twitter:data1\" content=\"Monte de Sion\" \/>\n\t<meta name=\"twitter:label2\" content=\"Tiempo de lectura\" \/>\n\t<meta name=\"twitter:data2\" content=\"2 minutos\" \/>\n<script type=\"application\/ld+json\" class=\"yoast-schema-graph\">{\"@context\":\"https:\/\/schema.org\",\"@graph\":[{\"@type\":\"Article\",\"@id\":\"https:\/\/fundidoradealcantarilladomontedesion.com\/blog\/coladeras-fierro-fundido-la-ciudad-mexico-accidente-candidato-priista\/#article\",\"isPartOf\":{\"@id\":\"https:\/\/fundidoradealcantarilladomontedesion.com\/blog\/coladeras-fierro-fundido-la-ciudad-mexico-accidente-candidato-priista\/\"},\"author\":{\"name\":\"Monte de Sion\",\"@id\":\"https:\/\/fundidoradealcantarilladomontedesion.com\/blog\/#\/schema\/person\/f315efb5f1d425247034c0e3ff9535dd\"},\"headline\":\"Coladeras de fierro fundido en la Ciudad de M\u00e9xico | Accidente de candidato priista\",\"datePublished\":\"2018-04-27T18:40:10+00:00\",\"dateModified\":\"2018-04-27T18:40:10+00:00\",\"mainEntityOfPage\":{\"@id\":\"https:\/\/fundidoradealcantarilladomontedesion.com\/blog\/coladeras-fierro-fundido-la-ciudad-mexico-accidente-candidato-priista\/\"},\"wordCount\":349,\"commentCount\":0,\"publisher\":{\"@id\":\"https:\/\/fundidoradealcantarilladomontedesion.com\/blog\/#organization\"},\"image\":{\"@id\":\"https:\/\/fundidoradealcantarilladomontedesion.com\/blog\/coladeras-fierro-fundido-la-ciudad-mexico-accidente-candidato-priista\/#primaryimage\"},\"thumbnailUrl\":\"http:\/\/fundidoradealcantarilladomontedesion.com\/blog\/wp-content\/uploads\/2017\/01\/20401132_10155647973044445_20818330_n.jpg\",\"keywords\":[\"avenida\",\"brocales\",\"calle\",\"coladeras\",\"Fierro\",\"fundido\",\"rejillas\"],\"inLanguage\":\"es\",\"potentialAction\":[{\"@type\":\"CommentAction\",\"name\":\"Comment\",\"target\":[\"https:\/\/fundidoradealcantarilladomontedesion.com\/blog\/coladeras-fierro-fundido-la-ciudad-mexico-accidente-candidato-priista\/#respond\"]}]},{\"@type\":\"WebPage\",\"@id\":\"https:\/\/fundidoradealcantarilladomontedesion.com\/blog\/coladeras-fierro-fundido-la-ciudad-mexico-accidente-candidato-priista\/\",\"url\":\"https:\/\/fundidoradealcantarilladomontedesion.com\/blog\/coladeras-fierro-fundido-la-ciudad-mexico-accidente-candidato-priista\/\",\"name\":\"Coladeras de fierro fundido en la Ciudad de M\u00e9xico | Accidente de candidato priista | Fundidora Monte de Si\u00f3n\",\"isPartOf\":{\"@id\":\"https:\/\/fundidoradealcantarilladomontedesion.com\/blog\/#website\"},\"primaryImageOfPage\":{\"@id\":\"https:\/\/fundidoradealcantarilladomontedesion.com\/blog\/coladeras-fierro-fundido-la-ciudad-mexico-accidente-candidato-priista\/#primaryimage\"},\"image\":{\"@id\":\"https:\/\/fundidoradealcantarilladomontedesion.com\/blog\/coladeras-fierro-fundido-la-ciudad-mexico-accidente-candidato-priista\/#primaryimage\"},\"thumbnailUrl\":\"http:\/\/fundidoradealcantarilladomontedesion.com\/blog\/wp-content\/uploads\/2017\/01\/20401132_10155647973044445_20818330_n.jpg\",\"datePublished\":\"2018-04-27T18:40:10+00:00\",\"dateModified\":\"2018-04-27T18:40:10+00:00\",\"breadcrumb\":{\"@id\":\"https:\/\/fundidoradealcantarilladomontedesion.com\/blog\/coladeras-fierro-fundido-la-ciudad-mexico-accidente-candidato-priista\/#breadcrumb\"},\"inLanguage\":\"es\",\"potentialAction\":[{\"@type\":\"ReadAction\",\"target\":[\"https:\/\/fundidoradealcantarilladomontedesion.com\/blog\/coladeras-fierro-fundido-la-ciudad-mexico-accidente-candidato-priista\/\"]}]},{\"@type\":\"ImageObject\",\"inLanguage\":\"es\",\"@id\":\"https:\/\/fundidoradealcantarilladomontedesion.com\/blog\/coladeras-fierro-fundido-la-ciudad-mexico-accidente-candidato-priista\/#primaryimage\",\"url\":\"http:\/\/fundidoradealcantarilladomontedesion.com\/blog\/wp-content\/uploads\/2017\/01\/20401132_10155647973044445_20818330_n.jpg\",\"contentUrl\":\"http:\/\/fundidoradealcantarilladomontedesion.com\/blog\/wp-content\/uploads\/2017\/01\/20401132_10155647973044445_20818330_n.jpg\",\"width\":960,\"height\":720,\"caption\":\"Coladera para ba\u00f1o\"},{\"@type\":\"BreadcrumbList\",\"@id\":\"https:\/\/fundidoradealcantarilladomontedesion.com\/blog\/coladeras-fierro-fundido-la-ciudad-mexico-accidente-candidato-priista\/#breadcrumb\",\"itemListElement\":[{\"@type\":\"ListItem\",\"position\":1,\"name\":\"Portada\",\"item\":\"https:\/\/fundidoradealcantarilladomontedesion.com\/blog\/\"},{\"@type\":\"ListItem\",\"position\":2,\"name\":\"Coladeras de fierro fundido en la Ciudad de M\u00e9xico | Accidente de candidato priista\"}]},{\"@type\":\"WebSite\",\"@id\":\"https:\/\/fundidoradealcantarilladomontedesion.com\/blog\/#website\",\"url\":\"https:\/\/fundidoradealcantarilladomontedesion.com\/blog\/\",\"name\":\"Fundidora Monte de Si\u00f3n\",\"description\":\"Fundidora de alcantarillado\",\"publisher\":{\"@id\":\"https:\/\/fundidoradealcantarilladomontedesion.com\/blog\/#organization\"},\"potentialAction\":[{\"@type\":\"SearchAction\",\"target\":{\"@type\":\"EntryPoint\",\"urlTemplate\":\"https:\/\/fundidoradealcantarilladomontedesion.com\/blog\/?s={search_term_string}\"},\"query-input\":\"required name=search_term_string\"}],\"inLanguage\":\"es\"},{\"@type\":\"Organization\",\"@id\":\"https:\/\/fundidoradealcantarilladomontedesion.com\/blog\/#organization\",\"name\":\"Fundidora Monte de Si\u00f3n\",\"url\":\"https:\/\/fundidoradealcantarilladomontedesion.com\/blog\/\",\"logo\":{\"@type\":\"ImageObject\",\"inLanguage\":\"es\",\"@id\":\"https:\/\/fundidoradealcantarilladomontedesion.com\/blog\/#\/schema\/logo\/image\/\",\"url\":\"http:\/\/fundidoradealcantarilladomontedesion.com\/blog\/wp-content\/uploads\/2023\/10\/Logo.png\",\"contentUrl\":\"http:\/\/fundidoradealcantarilladomontedesion.com\/blog\/wp-content\/uploads\/2023\/10\/Logo.png\",\"width\":172,\"height\":172,\"caption\":\"Fundidora Monte de Si\u00f3n\"},\"image\":{\"@id\":\"https:\/\/fundidoradealcantarilladomontedesion.com\/blog\/#\/schema\/logo\/image\/\"},\"sameAs\":[\"https:\/\/www.facebook.com\/fundidioramontedesion\/\"]},{\"@type\":\"Person\",\"@id\":\"https:\/\/fundidoradealcantarilladomontedesion.com\/blog\/#\/schema\/person\/f315efb5f1d425247034c0e3ff9535dd\",\"name\":\"Monte de Sion\",\"image\":{\"@type\":\"ImageObject\",\"inLanguage\":\"es\",\"@id\":\"https:\/\/fundidoradealcantarilladomontedesion.com\/blog\/#\/schema\/person\/image\/\",\"url\":\"http:\/\/0.gravatar.com\/avatar\/0c903bee699dca495aa7ae88b360c45f?s=96&d=mm&r=g\",\"contentUrl\":\"http:\/\/0.gravatar.com\/avatar\/0c903bee699dca495aa7ae88b360c45f?s=96&d=mm&r=g\",\"caption\":\"Monte de Sion\"}}]}<\/script>\n<!-- \/ Yoast SEO plugin. -->","yoast_head_json":{"title":"Coladeras de fierro fundido en la Ciudad de M\u00e9xico | Accidente de candidato priista | Fundidora Monte de Si\u00f3n","robots":{"index":"index","follow":"follow","max-snippet":"max-snippet:-1","max-image-preview":"max-image-preview:large","max-video-preview":"max-video-preview:-1"},"canonical":"https:\/\/fundidoradealcantarilladomontedesion.com\/blog\/coladeras-fierro-fundido-la-ciudad-mexico-accidente-candidato-priista\/","og_locale":"es_ES","og_type":"article","og_title":"Coladeras de fierro fundido en la Ciudad de M\u00e9xico | Accidente de candidato priista | Fundidora Monte de Si\u00f3n","og_description":"Coladeras de fierro fundido en Ciudad de M\u00e9xico El pasado 24 de abril, el candidato Mikel Arriola candidato a gobernar la CDMX, sufri\u00f3 un accidente penoso al ser evidenciado en un video al caer en una coladera de fierro fundido en la Ciudad de M\u00e9xico. Denise Maerker, conductora y periodista, quien fue moderadora del primer [&hellip;]","og_url":"https:\/\/fundidoradealcantarilladomontedesion.com\/blog\/coladeras-fierro-fundido-la-ciudad-mexico-accidente-candidato-priista\/","og_site_name":"Fundidora Monte de Si\u00f3n","article_publisher":"https:\/\/www.facebook.com\/fundidioramontedesion\/","article_published_time":"2018-04-27T18:40:10+00:00","og_image":[{"width":960,"height":720,"url":"https:\/\/fundidoradealcantarilladomontedesion.com\/blog\/wp-content\/uploads\/2017\/01\/20401132_10155647973044445_20818330_n.jpg","type":"image\/jpeg"}],"author":"Monte de Sion","twitter_card":"summary_large_image","twitter_misc":{"Escrito por":"Monte de Sion","Tiempo de lectura":"2 minutos"},"schema":{"@context":"https:\/\/schema.org","@graph":[{"@type":"Article","@id":"https:\/\/fundidoradealcantarilladomontedesion.com\/blog\/coladeras-fierro-fundido-la-ciudad-mexico-accidente-candidato-priista\/#article","isPartOf":{"@id":"https:\/\/fundidoradealcantarilladomontedesion.com\/blog\/coladeras-fierro-fundido-la-ciudad-mexico-accidente-candidato-priista\/"},"author":{"name":"Monte de Sion","@id":"https:\/\/fundidoradealcantarilladomontedesion.com\/blog\/#\/schema\/person\/f315efb5f1d425247034c0e3ff9535dd"},"headline":"Coladeras de fierro fundido en la Ciudad de M\u00e9xico | Accidente de candidato priista","datePublished":"2018-04-27T18:40:10+00:00","dateModified":"2018-04-27T18:40:10+00:00","mainEntityOfPage":{"@id":"https:\/\/fundidoradealcantarilladomontedesion.com\/blog\/coladeras-fierro-fundido-la-ciudad-mexico-accidente-candidato-priista\/"},"wordCount":349,"commentCount":0,"publisher":{"@id":"https:\/\/fundidoradealcantarilladomontedesion.com\/blog\/#organization"},"image":{"@id":"https:\/\/fundidoradealcantarilladomontedesion.com\/blog\/coladeras-fierro-fundido-la-ciudad-mexico-accidente-candidato-priista\/#primaryimage"},"thumbnailUrl":"http:\/\/fundidoradealcantarilladomontedesion.com\/blog\/wp-content\/uploads\/2017\/01\/20401132_10155647973044445_20818330_n.jpg","keywords":["avenida","brocales","calle","coladeras","Fierro","fundido","rejillas"],"inLanguage":"es","potentialAction":[{"@type":"CommentAction","name":"Comment","target":["https:\/\/fundidoradealcantarilladomontedesion.com\/blog\/coladeras-fierro-fundido-la-ciudad-mexico-accidente-candidato-priista\/#respond"]}]},{"@type":"WebPage","@id":"https:\/\/fundidoradealcantarilladomontedesion.com\/blog\/coladeras-fierro-fundido-la-ciudad-mexico-accidente-candidato-priista\/","url":"https:\/\/fundidoradealcantarilladomontedesion.com\/blog\/coladeras-fierro-fundido-la-ciudad-mexico-accidente-candidato-priista\/","name":"Coladeras de fierro fundido en la Ciudad de M\u00e9xico | Accidente de candidato priista | Fundidora Monte de Si\u00f3n","isPartOf":{"@id":"https:\/\/fundidoradealcantarilladomontedesion.com\/blog\/#website"},"primaryImageOfPage":{"@id":"https:\/\/fundidoradealcantarilladomontedesion.com\/blog\/coladeras-fierro-fundido-la-ciudad-mexico-accidente-candidato-priista\/#primaryimage"},"image":{"@id":"https:\/\/fundidoradealcantarilladomontedesion.com\/blog\/coladeras-fierro-fundido-la-ciudad-mexico-accidente-candidato-priista\/#primaryimage"},"thumbnailUrl":"http:\/\/fundidoradealcantarilladomontedesion.com\/blog\/wp-content\/uploads\/2017\/01\/20401132_10155647973044445_20818330_n.jpg","datePublished":"2018-04-27T18:40:10+00:00","dateModified":"2018-04-27T18:40:10+00:00","breadcrumb":{"@id":"https:\/\/fundidoradealcantarilladomontedesion.com\/blog\/coladeras-fierro-fundido-la-ciudad-mexico-accidente-candidato-priista\/#breadcrumb"},"inLanguage":"es","potentialAction":[{"@type":"ReadAction","target":["https:\/\/fundidoradealcantarilladomontedesion.com\/blog\/coladeras-fierro-fundido-la-ciudad-mexico-accidente-candidato-priista\/"]}]},{"@type":"ImageObject","inLanguage":"es","@id":"https:\/\/fundidoradealcantarilladomontedesion.com\/blog\/coladeras-fierro-fundido-la-ciudad-mexico-accidente-candidato-priista\/#primaryimage","url":"http:\/\/fundidoradealcantarilladomontedesion.com\/blog\/wp-content\/uploads\/2017\/01\/20401132_10155647973044445_20818330_n.jpg","contentUrl":"http:\/\/fundidoradealcantarilladomontedesion.com\/blog\/wp-content\/uploads\/2017\/01\/20401132_10155647973044445_20818330_n.jpg","width":960,"height":720,"caption":"Coladera para ba\u00f1o"},{"@type":"BreadcrumbList","@id":"https:\/\/fundidoradealcantarilladomontedesion.com\/blog\/coladeras-fierro-fundido-la-ciudad-mexico-accidente-candidato-priista\/#breadcrumb","itemListElement":[{"@type":"ListItem","position":1,"name":"Portada","item":"https:\/\/fundidoradealcantarilladomontedesion.com\/blog\/"},{"@type":"ListItem","position":2,"name":"Coladeras de fierro fundido en la Ciudad de M\u00e9xico | Accidente de candidato priista"}]},{"@type":"WebSite","@id":"https:\/\/fundidoradealcantarilladomontedesion.com\/blog\/#website","url":"https:\/\/fundidoradealcantarilladomontedesion.com\/blog\/","name":"Fundidora Monte de Si\u00f3n","description":"Fundidora de alcantarillado","publisher":{"@id":"https:\/\/fundidoradealcantarilladomontedesion.com\/blog\/#organization"},"potentialAction":[{"@type":"SearchAction","target":{"@type":"EntryPoint","urlTemplate":"https:\/\/fundidoradealcantarilladomontedesion.com\/blog\/?s={search_term_string}"},"query-input":"required name=search_term_string"}],"inLanguage":"es"},{"@type":"Organization","@id":"https:\/\/fundidoradealcantarilladomontedesion.com\/blog\/#organization","name":"Fundidora Monte de Si\u00f3n","url":"https:\/\/fundidoradealcantarilladomontedesion.com\/blog\/","logo":{"@type":"ImageObject","inLanguage":"es","@id":"https:\/\/fundidoradealcantarilladomontedesion.com\/blog\/#\/schema\/logo\/image\/","url":"http:\/\/fundidoradealcantarilladomontedesion.com\/blog\/wp-content\/uploads\/2023\/10\/Logo.png","contentUrl":"http:\/\/fundidoradealcantarilladomontedesion.com\/blog\/wp-content\/uploads\/2023\/10\/Logo.png","width":172,"height":172,"caption":"Fundidora Monte de Si\u00f3n"},"image":{"@id":"https:\/\/fundidoradealcantarilladomontedesion.com\/blog\/#\/schema\/logo\/image\/"},"sameAs":["https:\/\/www.facebook.com\/fundidioramontedesion\/"]},{"@type":"Person","@id":"https:\/\/fundidoradealcantarilladomontedesion.com\/blog\/#\/schema\/person\/f315efb5f1d425247034c0e3ff9535dd","name":"Monte de Sion","image":{"@type":"ImageObject","inLanguage":"es","@id":"https:\/\/fundidoradealcantarilladomontedesion.com\/blog\/#\/schema\/person\/image\/","url":"http:\/\/0.gravatar.com\/avatar\/0c903bee699dca495aa7ae88b360c45f?s=96&d=mm&r=g","contentUrl":"http:\/\/0.gravatar.com\/avatar\/0c903bee699dca495aa7ae88b360c45f?s=96&d=mm&r=g","caption":"Monte de Sion"}}]}},"_links":{"self":[{"href":"http:\/\/fundidoradealcantarilladomontedesion.com\/blog\/wp-json\/wp\/v2\/posts\/1080"}],"collection":[{"href":"http:\/\/fundidoradealcantarilladomontedesion.com\/blog\/wp-json\/wp\/v2\/posts"}],"about":[{"href":"http:\/\/fundidoradealcantarilladomontedesion.com\/blog\/wp-json\/wp\/v2\/types\/post"}],"author":[{"embeddable":true,"href":"http:\/\/fundidoradealcantarilladomontedesion.com\/blog\/wp-json\/wp\/v2\/users\/1"}],"replies":[{"embeddable":true,"href":"http:\/\/fundidoradealcantarilladomontedesion.com\/blog\/wp-json\/wp\/v2\/comments?post=1080"}],"version-history":[{"count":1,"href":"http:\/\/fundidoradealcantarilladomontedesion.com\/blog\/wp-json\/wp\/v2\/posts\/1080\/revisions"}],"predecessor-version":[{"id":1081,"href":"http:\/\/fundidoradealcantarilladomontedesion.com\/blog\/wp-json\/wp\/v2\/posts\/1080\/revisions\/1081"}],"wp:featuredmedia":[{"embeddable":true,"href":"http:\/\/fundidoradealcantarilladomontedesion.com\/blog\/wp-json\/wp\/v2\/media\/691"}],"wp:attachment":[{"href":"http:\/\/fundidoradealcantarilladomontedesion.com\/blog\/wp-json\/wp\/v2\/media?parent=1080"}],"wp:term":[{"taxonomy":"category","embeddable":true,"href":"http:\/\/fundidoradealcantarilladomontedesion.com\/blog\/wp-json\/wp\/v2\/categories?post=1080"},{"taxonomy":"post_tag","embeddable":true,"href":"http:\/\/fundidoradealcantarilladomontedesion.com\/blog\/wp-json\/wp\/v2\/tags?post=1080"}],"curies":[{"name":"wp","href":"https:\/\/api.w.org\/{rel}","templated":true}]}}